{"id":168,"date":"2020-04-28T12:23:23","date_gmt":"2020-04-28T15:23:23","guid":{"rendered":"http:\/\/www.vdem.com.br\/blog\/?p=168"},"modified":"2025-04-01T17:35:23","modified_gmt":"2025-04-01T20:35:23","slug":"equipamentos-para-andar-de-kart-indoor-aluguel-rental","status":"publish","type":"post","link":"https:\/\/www.vdem.com.br\/blog\/2020\/04\/28\/equipamentos-para-andar-de-kart-indoor-aluguel-rental\/","title":{"rendered":"Equipamentos para andar de Kart Indoor\/Aluguel\/Rental"},"content":{"rendered":"\n<p>Voltando a dedicar um tempo para o Blog, resolvi falar um pouco sobre um assunto que tenho me dedicado mais intensamente desde 2017. Andar de Kart.<\/p>\n\n\n\n<p>Uma das primeiras perguntas que se faz quando se \u00e9 convidado para andar de <strong>Kart pela primeira vez<\/strong>, \u00e9 se precisa ter algum <strong>equipamento pr\u00f3prio<\/strong>. E os pilotos que j\u00e1 andam com certa frequencia, sempre procuram por adquirir seus pr\u00f3prios equipamentos para melhorar a sua <strong>experi\u00eancia no kartismo.<\/strong><\/p>\n\n\n\n<p>De cara j\u00e1 vou dizer que este artigo \u00e9 destinado para a pr\u00e1tica de kart <strong>amador<\/strong>, o popularmente conhecido como Kart Indoor, ou Kart de Aluguel, ou Rental Kart. Ou seja, o kart que n\u00e3o \u00e9 seu e voc\u00ea paga para se divertir por alguns minutos, que \u00e9 facilmente identificado pela prote\u00e7\u00e3o de <strong>borracha <\/strong>que envolve o kart para evitar danos e acidentes nos eventuais toques. (foto abaixo)<\/p>\n\n\n\n<figure class=\"wp-block-image size-large is-resized\"><img decoding=\"async\" width=\"1024\" height=\"683\" data-src=\"https:\/\/www.vdem.com.br\/blog\/wp-content\/uploads\/2020\/04\/RLT6753-1024x683.jpg\" alt=\"Andar de kart\" class=\"wp-image-202 lazyload\" style=\"--smush-placeholder-width: 1024px; --smush-placeholder-aspect-ratio: 1024\/683;object-fit:contain;width:1024px;height:683px\" data-srcset=\"https:\/\/www.vdem.com.br\/blog\/wp-content\/uploads\/2020\/04\/RLT6753-1024x683.jpg 1024w, https:\/\/www.vdem.com.br\/blog\/wp-content\/uploads\/2020\/04\/RLT6753-300x200.jpg 300w, https:\/\/www.vdem.com.br\/blog\/wp-content\/uploads\/2020\/04\/RLT6753-768x512.jpg 768w, https:\/\/www.vdem.com.br\/blog\/wp-content\/uploads\/2020\/04\/RLT6753.jpg 1080w\" data-sizes=\"(max-width: 1024px) 100vw, 1024px\" src=\"data:image\/gif;base64,R0lGODlhAQABAAAAACH5BAEKAAEALAAAAAABAAEAAAICTAEAOw==\" \/><\/figure>\n\n\n\n<blockquote class=\"wp-block-quote is-layout-flow wp-block-quote-is-layout-flow\">\n<p>Aqui vale um parentese para mencionar que a pr\u00e1tica do kart indoor vem crescendo muito em todo o <strong>Brasil<\/strong>.<br>Desde a brincadeira entre amigos em uma pista de shopping, at\u00e9 grandes competi\u00e7\u00f5es de n\u00edvel nacional, em pistas profissionais, e com pilotos de alt\u00edssimo n\u00edvel.<br>Aqui mesmo em <strong>Maring\u00e1-PR<\/strong>, eu organizo uma competi\u00e7\u00e3o de kart indoor que re\u00fane pilotos de toda a regi\u00e3o.<br>Para saber mais acesse: <a href=\"http:\/\/www.ligadekart44.com.br\" target=\"_blank\" rel=\"noreferrer noopener\">www.ligadekart44.com.br<\/a>.<\/p>\n<\/blockquote>\n\n\n\n<p>Continuando&#8230;<br>N\u00e3o conhe\u00e7o todos os kart\u00f3dromos do Brasil, mas desconhe\u00e7o algum kart\u00f3dromo com kart para aluguel em que voc\u00ea precise levar algum equipamento. Ou seja, <strong>voc\u00ea n\u00e3o precisa ter equipamento pr\u00f3prio!<\/strong><br>Mas veja bem, n\u00e3o precisa ter <strong>equipamentos de kartismo<\/strong>! Abaixo voc\u00ea vai entender melhor.<\/p>\n\n\n\n<p>Caso voc\u00ea queira participar de alguma <strong>competi\u00e7\u00e3o<\/strong>, pode ser que seus <strong>organizadores <\/strong>exijam ou n\u00e3o algum item pr\u00f3prio que voc\u00ea precise <strong>adquirir<\/strong>.<\/p>\n\n\n\n<p>Mas isso n\u00e3o quer dizer que voc\u00ea pode <strong>correr de qualquer jeito<\/strong>!<br>Cada kart\u00f3dromo tem as suas <strong>regras<\/strong> para garantir uma <strong>boa experi\u00eancia<\/strong>, e principalmente a <strong>seguran\u00e7a <\/strong>do piloto. <br>Aqui vale ressaltar que o <strong>automobilismo <\/strong>em geral, e isso inclui o <strong>kartismo<\/strong>, \u00e9 um <strong>esporte de risco<\/strong>! E pode sim acontecer <strong>acidentes graves<\/strong>, principalmente se n\u00e3o forem cumpridas as regras determinadas por cada kart\u00f3dromo.<br>N\u00e3o \u00e9 para por medo, pois eu <strong>nunca <\/strong>presenciei um <strong>acidente grave<\/strong> no kart indoor, e isso deve-se por toda a <strong>seguran\u00e7a <\/strong>pensada para essa atividade.<\/p>\n\n\n\n<hr class=\"wp-block-separator has-css-opacity\"\/>\n\n\n\n<div class=\"wp-block-group\"><div class=\"wp-block-group__inner-container is-layout-flow wp-block-group-is-layout-flow\">\n<h2 class=\"wp-block-heading\">ROUPAS (PR\u00d3PRIAS)<\/h2>\n\n\n\n<p>Realmente voc\u00ea n\u00e3o precisa ter equipamento de kartismo, mas voc\u00ea precisa ir com pelo menos <strong>cal\u00e7ado fechado<\/strong>, e <strong>de prefer\u00eancia <\/strong>com <strong>cal\u00e7a comprida e camiseta manga longa<\/strong>. <\/p>\n\n\n\n<p>Alguns kart\u00f3dromos permitem correr de shorts ou camiseta manga curta. Ent\u00e3o sempre <strong>entre em contato<\/strong> com o kart\u00f3dromo antes para evitar decep\u00e7\u00f5es.<\/p>\n\n\n\n<p>Mas assim, v\u00e1 pelo menos de cal\u00e7a comprida para evitar qualquer contato do kart direto com sua pele. Ah, e se tiver, v\u00e1 com roupas e cal\u00e7ados mais <strong>usados<\/strong>, pois eles podem <strong>sujar <\/strong>no contato com graxa, pneus, etc.<\/p>\n\n\n\n<p>Ent\u00e3o no m\u00ednimo eu recomendo ir com o vestu\u00e1rio:<\/p>\n\n\n\n<ul class=\"wp-block-list\">\n<li><strong>Cal\u00e7ado fechado<\/strong> (t\u00eanis, sapatenis, botina curta)<\/li>\n\n\n\n<li><strong>Cal\u00e7a comprida <\/strong><\/li>\n\n\n\n<li><strong>Camiseta<\/strong><\/li>\n<\/ul>\n\n\n\n<hr class=\"wp-block-separator has-css-opacity\"\/>\n<\/div><\/div>\n\n\n\n<h4 class=\"wp-block-heading\">Nessa lista abaixo seguem os itens que <strong>geralmente <\/strong>s\u00e3o de uso <strong>obrigat\u00f3rio <\/strong>durante a pilotagem:<\/h4>\n\n\n\n<ul class=\"wp-block-list\">\n<li>Capacete<\/li>\n\n\n\n<li>Balaclava<\/li>\n\n\n\n<li>Luvas<\/li>\n\n\n\n<li>Macac\u00e3o<\/li>\n\n\n\n<li>Protetor de costela<\/li>\n\n\n\n<li>Prote\u00e7\u00e3o de cabelo comprido<\/li>\n<\/ul>\n\n\n\n<h3 class=\"wp-block-heading\">Abaixo irei detalhar os itens que os kart\u00f3dromos disponibilizam e os itens adicionais que voc\u00ea pode agregar ao seu kit piloto para andar de kart em kart amador.<\/h3>\n\n\n\n<hr class=\"wp-block-separator has-css-opacity\"\/>\n\n\n\n<div class=\"wp-block-group\"><div class=\"wp-block-group__inner-container is-layout-flow wp-block-group-is-layout-flow\">\n<h2 class=\"wp-block-heading\">CAPACETE<\/h2>\n\n\n\n<figure class=\"wp-block-image size-large is-resized\"><img decoding=\"async\" width=\"1024\" height=\"683\" data-src=\"http:\/\/www.vdem.com.br\/blog\/wp-content\/uploads\/2020\/04\/RLT7520-1024x683.jpg\" alt=\"Capacete para andar de kart\" class=\"wp-image-174 lazyload\" style=\"--smush-placeholder-width: 1024px; --smush-placeholder-aspect-ratio: 1024\/683;object-fit:contain;width:1024px;height:683px\" data-srcset=\"https:\/\/www.vdem.com.br\/blog\/wp-content\/uploads\/2020\/04\/RLT7520-1024x683.jpg 1024w, https:\/\/www.vdem.com.br\/blog\/wp-content\/uploads\/2020\/04\/RLT7520-300x200.jpg 300w, https:\/\/www.vdem.com.br\/blog\/wp-content\/uploads\/2020\/04\/RLT7520-768x512.jpg 768w, https:\/\/www.vdem.com.br\/blog\/wp-content\/uploads\/2020\/04\/RLT7520.jpg 1080w\" data-sizes=\"(max-width: 1024px) 100vw, 1024px\" src=\"data:image\/gif;base64,R0lGODlhAQABAAAAACH5BAEKAAEALAAAAAABAAEAAAICTAEAOw==\" \/><\/figure>\n\n\n\n<p>O equipamento <strong>mais importante<\/strong> e que registra a <strong>marca <\/strong>de muitos pilotos.<\/p>\n\n\n\n<p>Esse equipamento \u00e9 de uso <strong>obrigat\u00f3rio<\/strong>, e \u00e9 <strong>disponibilizado <\/strong>por todos os kart\u00f3dromos, ou seja, voc\u00ea n\u00e3o precisa ter um.<\/p>\n\n\n\n<p>Mas ir com o seu <strong>pr\u00f3prio <\/strong>capacete \u00e9 muito recomend\u00e1vel, pois voc\u00ea garante o ajuste perfeito \u00e0 sua cabe\u00e7a, dando <strong>mais conforto<\/strong>. E conta com um pouco mais de <strong>higiene<\/strong>, pois o equipamento n\u00e3o \u00e9 compartilhado com os demais clientes. E por fim, garante o <strong>estilo e destaque<\/strong> dentro da pista!<\/p>\n\n\n\n<p>O tipo de capacete para kart indoor \u00e9 o <strong>integral<\/strong> (conforme foto acima). N\u00e3o \u00e9 permitido capacete que n\u00e3o projeta totalmente a cabe\u00e7a do piloto (ex: capacete aberto).<\/p>\n\n\n\n<p>Existem diversas <strong>numera\u00e7\u00f5es de tamanhos<\/strong> de capacetes. Sempre <strong>experimente <\/strong>antes o capacete que voc\u00ea vai utilizar, pois cada marca tem sua forma, e at\u00e9 modelos variados de uma mesma marca possuem <strong>formas e espumas diferentes<\/strong>, onde uma mesma numera\u00e7\u00e3o pode n\u00e3o servir bem em outro modelo\/marca. O ideal \u00e9 que o capacete <strong>n\u00e3o fique folgado<\/strong> na sua cabe\u00e7a, que fique <strong>firme <\/strong>em suas <strong>bochechas <\/strong>e <strong>justo <\/strong>em sua <strong>cabe\u00e7a<\/strong>. Por\u00e9m n\u00e3o pode <strong>causar desconforto ou apertos que machuquem<\/strong>, pois isso pode te <strong>desconcentrar <\/strong>durante a pilotagem e\/ou causar <strong>ferimentos<\/strong>.<\/p>\n\n\n\n<p>Um outro ponto importante do capacete \u00e9 com rela\u00e7\u00e3o \u00e0 sua <strong>ventila\u00e7\u00e3o<\/strong>, pois existem capacetes possuem pouca ventila\u00e7\u00e3o no seu interior, ocasionando muito <strong>calor<\/strong>, <strong>emba\u00e7amento <\/strong>da viseira, ou dificulade de <strong>respira\u00e7\u00e3o<\/strong>.<br>Hoje j\u00e1 existem <strong>tecnologias <\/strong>e <strong>t\u00e9cnicas <\/strong>que evitam que a viseira embace, ent\u00e3o \u00e9 interessante levar esse item em considera\u00e7\u00e3o.<\/p>\n\n\n\n<p>Outro ponto \u00e9 com rela\u00e7\u00e3o a <strong>VISEIRA<\/strong>, pois a maioria dos capacetes vem com a viseira <strong>transparente<\/strong>, o que pode incomodar em corridas diurnas. Nesse caso voc\u00ea pode comprar uma viseira <strong>escura <\/strong>para proteger os olhos do <strong>sol<\/strong>, e nesse caso voc\u00ea deve prestar aten\u00e7\u00e3o com rela\u00e7\u00e3o \u00e0 forma de <strong>substitui\u00e7\u00e3o <\/strong>de viseira, que pode ser mais <strong>f\u00e1cil <\/strong>em alguns capacetes do que em outros.<\/p>\n\n\n\n<p>Para quem tem capacete de moto e quer dar um estilo mais de &#8220;piloto&#8221;, pode ser produzido um <strong>adesivo<\/strong>, no estilo <strong>faixa<\/strong>, que \u00e9 aplicado na parte superior da viseira, para ent\u00e3o dar a sensa\u00e7\u00e3o de viseira menor e mais esportiva.<\/p>\n\n\n\n<p>Se voc\u00ea tamb\u00e9m pretende usar o capacete com uma <strong>c\u00e2mera <\/strong>acoplada nele, preste aten\u00e7\u00e3o tamb\u00e9m se tem <strong>espa\u00e7o <\/strong>para <strong>fixa\u00e7\u00e3o <\/strong>do suporte no ponto que voc\u00ea deseja.<\/p>\n\n\n\n<p>Existem in\u00fameras <strong>marcas e modelos<\/strong>. Desde os mais simples feitos para motociclistas de rua, at\u00e9 os espec\u00edficos para o kartismo.<br>As marcas mais famosas para kartismo: Sparco, OMP, Bell e Arai.<\/p>\n\n\n\n<p>Existem capacetes por menos de <strong>R$ 100,00<\/strong> (de motos) e que os v\u00e3o al\u00e9m dos R$ <strong>4.000,00<\/strong> (de kart). Ou seja, para todos os bolsos.<br>Em teoria o pre\u00e7o est\u00e1 bastante atrelado a <strong>qualidade<\/strong>. Mas quando voc\u00ea come\u00e7a a procurar itens <strong>espec\u00edficos <\/strong>para kartismo, ou <strong>automobilismo<\/strong>, o <strong>pre\u00e7o <\/strong>j\u00e1 <strong>sobe <\/strong>significativamente s\u00f3 por se tratar de um <strong>esporte <\/strong>mais <strong>caro<\/strong>. E isso vale para <strong>todos os itens abaixo<\/strong>. Existem tamb\u00e9m os capacetes homologados CIK-FIA para competi\u00e7\u00f5es profissionais.<br>O mais importante \u00e9 voc\u00ea verificar qual a <strong>classe inmetro <\/strong>do capacete, ou seja, at\u00e9 que velocidade de impacto o capacete \u00e9 <strong>homologado<\/strong>. Os karts indoor podem chegar a quase <strong>100 KM\/H<\/strong> (dependendo da pista, piloto, e kart).<\/p>\n\n\n\n<p>A partir de R$ 200,00 voc\u00ea j\u00e1 consegue encontrar capacetes legais e seguros.<\/p>\n\n\n\n<ul class=\"wp-block-list\">\n<li><a href=\"https:\/\/s.shopee.com.br\/6VACuELYYB\" target=\"_blank\" rel=\"noreferrer noopener\">OFERTAS DE CAPACETES<\/a><\/li>\n<\/ul>\n<\/div><\/div>\n\n\n\n<hr class=\"wp-block-separator has-css-opacity\"\/>\n\n\n\n<div class=\"wp-block-group\"><div class=\"wp-block-group__inner-container is-layout-flow wp-block-group-is-layout-flow\">\n<h2 class=\"wp-block-heading\">BALACLAVA<\/h2>\n\n\n\n<figure class=\"wp-block-image size-large is-resized\"><img decoding=\"async\" width=\"883\" height=\"870\" data-src=\"http:\/\/www.vdem.com.br\/blog\/wp-content\/uploads\/2020\/04\/Screenshot_1.png\" alt=\"Balaclava para andar de kart\" class=\"wp-image-176 lazyload\" style=\"--smush-placeholder-width: 883px; --smush-placeholder-aspect-ratio: 883\/870;object-fit:contain;width:883px;height:870px\" data-srcset=\"https:\/\/www.vdem.com.br\/blog\/wp-content\/uploads\/2020\/04\/Screenshot_1.png 883w, https:\/\/www.vdem.com.br\/blog\/wp-content\/uploads\/2020\/04\/Screenshot_1-300x296.png 300w, https:\/\/www.vdem.com.br\/blog\/wp-content\/uploads\/2020\/04\/Screenshot_1-768x757.png 768w\" data-sizes=\"(max-width: 883px) 100vw, 883px\" src=\"data:image\/gif;base64,R0lGODlhAQABAAAAACH5BAEKAAEALAAAAAABAAEAAAICTAEAOw==\" \/><\/figure>\n\n\n\n<p>Um equipamento que provavelmente voc\u00ea <strong>precisar\u00e1 <\/strong>utilizar se for correr com o <strong>capacete do kart\u00f3dromo<\/strong>, que nesse caso, eles tamb\u00e9m <strong>disponibilizam <\/strong>a balaclava.<\/p>\n\n\n\n<p>A balaclava tem o intuito de <strong>reter <\/strong>a maior parte do <strong>suor <\/strong>nela, e preservar a <strong>higiene <\/strong>do capacete. Alguns pilotos tiram a balaclava <strong>pingando <\/strong>suor, principalmente nas corridas durante o dia em pistas abertas.<\/p>\n\n\n\n<p>Ent\u00e3o caso voc\u00ea queira prolongar a higiene do <strong>seu <\/strong>capacete, considere <strong>adquirir <\/strong>uma balaclava.<\/p>\n\n\n\n<p>No kartismo <strong>profissional <\/strong>ela tamb\u00e9m tem o objetivo de conter casos onde <strong>chamas <\/strong>possam entrar em contato com a <strong>cabe\u00e7a <\/strong>do piloto (<strong>antichamas<\/strong>), que s\u00e3o as homologadas CIK-FIA para competi\u00e7\u00f5es profissionais. No caso do kart indoor, n\u00e3o \u00e9 necess\u00e1rio essa especifica\u00e7\u00e3o, pois s\u00e3o raros os casos onde o kart pega fogo. <em>(Nunca vi)<\/em><\/p>\n\n\n\n<p>Existem poucas varia\u00e7\u00f5es de <strong>modelos<\/strong>, onde algumas deixam apenas os <strong>olhos <\/strong>de fora, outras deixam espa\u00e7o aberto para <strong>nariz <\/strong>e <strong>boca <\/strong>tamb\u00e9m. Al\u00e9m de ter algumas mais <strong>curtas <\/strong>e outras mais <strong>longas<\/strong>. Eu prefiro as mais longas. Tamb\u00e9m existem diferentes materiais de <strong>tecidos<\/strong>, que \u00e9 mais de gosto do cliente. Geralmente s\u00e3o de tamanho \u00fanico.<\/p>\n\n\n\n<p>Existem bastante empresas <strong>brasileiras <\/strong>que fabricam esse item para kartismo. At\u00e9 mesmo n\u00e3o sendo espec\u00edficas para o kartismo.<br>As marcas mais famosas para kartismo: Sparco, Corsa e OMP.<\/p>\n\n\n\n<p>Os <strong>pre\u00e7os <\/strong>dos produtos espec\u00edficos para kartismo v\u00e3o de <strong>R$ 20,00<\/strong> a <strong>R$ 90,00<\/strong>. Varia muito da composi\u00e7\u00e3o do tecido, arte e marca.<\/p>\n\n\n\n<ul class=\"wp-block-list\">\n<li><a href=\"https:\/\/s.shopee.com.br\/wjAKaI2X\" target=\"_blank\" rel=\"noreferrer noopener\">OFERTAS DE BALACLAVAS<\/a><\/li>\n<\/ul>\n<\/div><\/div>\n\n\n\n<hr class=\"wp-block-separator has-css-opacity\"\/>\n\n\n\n<div class=\"wp-block-group\"><div class=\"wp-block-group__inner-container is-layout-flow wp-block-group-is-layout-flow\">\n<h2 class=\"wp-block-heading\">LUVAS<\/h2>\n\n\n\n<figure class=\"wp-block-image size-large is-resized is-style-default\"><img decoding=\"async\" width=\"1024\" height=\"683\" data-src=\"http:\/\/www.vdem.com.br\/blog\/wp-content\/uploads\/2020\/04\/RLT7526-1024x683.jpg\" alt=\"Luvas para andar de kart\" class=\"wp-image-177 lazyload\" style=\"--smush-placeholder-width: 1024px; --smush-placeholder-aspect-ratio: 1024\/683;object-fit:contain;width:1024px;height:683px\" data-srcset=\"https:\/\/www.vdem.com.br\/blog\/wp-content\/uploads\/2020\/04\/RLT7526-1024x683.jpg 1024w, https:\/\/www.vdem.com.br\/blog\/wp-content\/uploads\/2020\/04\/RLT7526-300x200.jpg 300w, https:\/\/www.vdem.com.br\/blog\/wp-content\/uploads\/2020\/04\/RLT7526-768x512.jpg 768w, https:\/\/www.vdem.com.br\/blog\/wp-content\/uploads\/2020\/04\/RLT7526.jpg 1080w\" data-sizes=\"(max-width: 1024px) 100vw, 1024px\" src=\"data:image\/gif;base64,R0lGODlhAQABAAAAACH5BAEKAAEALAAAAAABAAEAAAICTAEAOw==\" \/><\/figure>\n\n\n\n<p>Para quem come\u00e7a a correr com uma certa <strong>frequencia <\/strong>e quer <strong>melhorar <\/strong>a sua pilotagem, a luva pode ser um diferencial, pois ela garante maior <strong>conforto <\/strong>e <strong>precis\u00e3o<\/strong>.<\/p>\n\n\n\n<p>A maioria dos kart\u00f3dromos tamb\u00e9m <strong>fornecem <\/strong>as luvas para utiliza\u00e7\u00e3o. Mas sendo sincero, a maioria das luvas disponibilizadas mais <strong>atrapalham <\/strong>do que ajudam. Sempre que eu corria, eu <strong>preferia <\/strong>correr <strong>sem <\/strong>as luvas do kart\u00f3dromo, pois <strong>escorregavam <\/strong>muito. <\/p>\n\n\n\n<p>Mas depois que adquiri um par de luvas de <strong>qualidade <\/strong>para kartismo, foi um salto muito grande no <strong>conforto <\/strong>e na <strong>ader\u00eancia <\/strong>que a luva proporciona no volante.<\/p>\n\n\n\n<p>As luvas para kartismo <strong>aparentemente <\/strong>s\u00e3o todas muito <strong>parecidas<\/strong>, mas existem <strong>detalhes <\/strong>que podem fazer a <strong>diferen\u00e7a<\/strong>.<br>A parte mais importante, pra mim, \u00e9 o <strong>material <\/strong>que tem o <strong>contato <\/strong>com o <strong>volante<\/strong>. As luvas mais <strong>baratas <\/strong>disp\u00f5e de <strong>camur\u00e7a<\/strong>, que n\u00e3o gera alta ader\u00eancia. As luvas <strong>melhores <\/strong>possuem um material <strong>emborrachado<\/strong>, em sua maioria de <strong>silicone<\/strong>, que d\u00e3o um <em>grip<\/em> &#8211; ader\u00eancia &#8211; muito maior.<br>Al\u00e9m disso existem diferen\u00e7as na <strong>composi\u00e7\u00e3o <\/strong>do restante da luva, no <strong>comprimento <\/strong>do punho, e no tipo de <strong>costura <\/strong>(interna ou externa). Existem diversas numera\u00e7\u00f5es de tamanhos, onde a luva deve ficar <strong>justa <\/strong>\u00e0 sua m\u00e3o para proporcionar mais <strong>tato<\/strong>. E tamb\u00e9m as luvas homologadas CIK-FIA para competi\u00e7\u00f5es profissionais.<\/p>\n\n\n\n<p>Tamb\u00e9m existem v\u00e1rias empresas <strong>brasileiras <\/strong>que fabricam esse item para kartismo. Inclusive existem pilotos que correm com luvas de <strong>moto<\/strong>.<br>As marcas mais famosas para kartismo: Sparco, Corsa, ULV, Alpinestars, OMP e TS Sports.<\/p>\n\n\n\n<p>Os <strong>pre\u00e7os <\/strong>v\u00e3o de <strong>R$ 150,00<\/strong> a <strong>R$ 500,00<\/strong>. Os pre\u00e7os variam mais por conta dos itens mencionados acima e marca.<\/p>\n\n\n\n<ul class=\"wp-block-list\">\n<li><a href=\"https:\/\/s.shopee.com.br\/2fxULHdMZ1\" target=\"_blank\" rel=\"noreferrer noopener\">OFERTAS DE LUVAS<\/a><\/li>\n<\/ul>\n<\/div><\/div>\n\n\n\n<hr class=\"wp-block-separator has-css-opacity\"\/>\n\n\n\n<div class=\"wp-block-group\"><div class=\"wp-block-group__inner-container is-layout-flow wp-block-group-is-layout-flow\">\n<h2 class=\"wp-block-heading\">MACAC\u00c3O<\/h2>\n\n\n\n<figure class=\"wp-block-image size-large is-resized\"><img decoding=\"async\" width=\"1024\" height=\"683\" data-src=\"http:\/\/www.vdem.com.br\/blog\/wp-content\/uploads\/2020\/04\/RLT8337-1024x683.jpg\" alt=\"Macac\u00e3o para andar de kart\" class=\"wp-image-178 lazyload\" style=\"--smush-placeholder-width: 1024px; --smush-placeholder-aspect-ratio: 1024\/683;object-fit:contain;width:1024px;height:683px\" data-srcset=\"https:\/\/www.vdem.com.br\/blog\/wp-content\/uploads\/2020\/04\/RLT8337-1024x683.jpg 1024w, https:\/\/www.vdem.com.br\/blog\/wp-content\/uploads\/2020\/04\/RLT8337-300x200.jpg 300w, https:\/\/www.vdem.com.br\/blog\/wp-content\/uploads\/2020\/04\/RLT8337-768x512.jpg 768w, https:\/\/www.vdem.com.br\/blog\/wp-content\/uploads\/2020\/04\/RLT8337.jpg 1080w\" data-sizes=\"(max-width: 1024px) 100vw, 1024px\" src=\"data:image\/gif;base64,R0lGODlhAQABAAAAACH5BAEKAAEALAAAAAABAAEAAAICTAEAOw==\" \/><\/figure>\n\n\n\n<p>Esse equipamento \u00e9 aquele que faz a pessoa se sentir um <strong>piloto &#8220;de verdade&#8221;<\/strong>!<\/p>\n\n\n\n<p>Alguns kart\u00f3dromos tamb\u00e9m <strong>disponibilizam <\/strong>esse item para garantir a <strong>seguran\u00e7a <\/strong>do piloto e <strong>preservar <\/strong>as suas roupas pessoais. E as vezes tamb\u00e9m adotam a <strong>obrigatoriedade <\/strong>do piloto utilizar um macac\u00e3o para correr. De fato isso torna mais seguro a pilotagem, evitando <strong>queimaduras <\/strong>em poss\u00edveis contato do bra\u00e7o com o espace do kart, e outros contatos que possam <strong>machucar<\/strong> o piloto.<\/p>\n\n\n\n<p><strong>Adquirir <\/strong>um macac\u00e3o \u00e9 para quem corre mais <strong>frequentemente, <\/strong>pois j\u00e1 \u00e9 um item mais <strong>exclusivo<\/strong>. Conta com <strong>personaliza\u00e7\u00e3o <\/strong>do tamanho que \u00e9 feito<strong> sob cada medida<\/strong> do piloto, e com a personaliza\u00e7\u00e3o do <strong>design<\/strong> que tem seu <strong>nome <\/strong>e outras <strong>artes <\/strong>que cada piloto prefere.<br>Ou seja, <strong>n\u00e3o <\/strong>\u00e9 um item que voc\u00ea consegue recuperar o investimento <strong>revendendo <\/strong>depois. Esse item vai ficar com voc\u00ea <strong>pra sempre<\/strong>.<\/p>\n\n\n\n<p>As <strong>varia\u00e7\u00f5es <\/strong>de macac\u00e3o s\u00e3o mais por tipo de <strong>material <\/strong>de confec\u00e7\u00e3o, pois a maioria segue o <strong>mesmo estilo <\/strong>de modelo. Tamb\u00e9m existem op\u00e7\u00f5es com <strong>forra\u00e7\u00e3o <\/strong>ou <strong>sem <\/strong>forra\u00e7\u00e3o. E para quem pensa em dar um salto para o <strong>profissional <\/strong>no futuro, talvez j\u00e1 compense olhar macac\u00e3o <strong>homologado CIK-FIA<\/strong> que s\u00e3o exigidos pelas competi\u00e7\u00f5es brasileiras.<br>Sem d\u00favida o <strong>crit\u00e9rio <\/strong>mais importante \u00e9 o <strong>conforto<\/strong>. Ent\u00e3o sempre escolha uma <strong>op\u00e7\u00e3o\/empresa<\/strong> que te garantir\u00e1 o conforto e que o produto seja completamente <strong>personalizado <\/strong>para as <strong>suas medidas<\/strong>.<\/p>\n\n\n\n<p>Tamb\u00e9m existem v\u00e1rias empresas <strong>brasileiras <\/strong>que fabricam esse item. <br>As marcas mais famosas para kartismo: Sparco, Corsa, ULV, Alpinestars, OMP e TS Sports.<\/p>\n\n\n\n<p>Os <strong>pre\u00e7os <\/strong>v\u00e3o de <strong>R$ 250,00<\/strong> a <strong>R$ 1.500,00<\/strong>. Os pre\u00e7os variam por conta do material, forra\u00e7\u00e3o, personaliza\u00e7\u00e3o, homologa\u00e7\u00e3o e marca.<\/p>\n\n\n\n<ul class=\"wp-block-list\">\n<li><a href=\"https:\/\/s.shopee.com.br\/3LDB8wUJmc\" target=\"_blank\" rel=\"noreferrer noopener\">OFERTAS DE MACAC\u00c3O<\/a><\/li>\n<\/ul>\n<\/div><\/div>\n\n\n\n<hr class=\"wp-block-separator has-css-opacity\"\/>\n\n\n\n<div class=\"wp-block-group\"><div class=\"wp-block-group__inner-container is-layout-flow wp-block-group-is-layout-flow\">\n<h2 class=\"wp-block-heading\">SEGUNDA PELE<\/h2>\n\n\n\n<figure class=\"wp-block-image size-large is-resized\"><img decoding=\"async\" width=\"587\" height=\"682\" data-src=\"http:\/\/www.vdem.com.br\/blog\/wp-content\/uploads\/2020\/04\/Screenshot_6.png\" alt=\"Segunda pele para andar de kart\" class=\"wp-image-213 lazyload\" style=\"--smush-placeholder-width: 587px; --smush-placeholder-aspect-ratio: 587\/682;object-fit:contain;width:587px;height:682px\" data-srcset=\"https:\/\/www.vdem.com.br\/blog\/wp-content\/uploads\/2020\/04\/Screenshot_6.png 587w, https:\/\/www.vdem.com.br\/blog\/wp-content\/uploads\/2020\/04\/Screenshot_6-258x300.png 258w\" data-sizes=\"(max-width: 587px) 100vw, 587px\" src=\"data:image\/gif;base64,R0lGODlhAQABAAAAACH5BAEKAAEALAAAAAABAAEAAAICTAEAOw==\" \/><\/figure>\n\n\n\n<p>Geralmente quando se usa o <strong>macac\u00e3o<\/strong>, voc\u00ea utiliza uma camiseta por baixo. No estilo mais profissional, \u00e9 utilizado uma camisa chamada <strong>segunda pele<\/strong>. <\/p>\n\n\n\n<p>Ela \u00e9 feita de um material que deixa o tecido bem <strong>rente <\/strong>ao corpo. Tem a fun\u00e7\u00e3o <strong>t\u00e9rmica<\/strong>, gera mais <strong>conforto <\/strong>e retem o <strong>suor<\/strong>. Desta forma evita a <strong>lavagem <\/strong>do macac\u00e3o com muita frequencia.<\/p>\n\n\n\n<p>Essa segunda pele tamb\u00e9m \u00e9 a que aparece quando o piloto deixa o macac\u00e3o aberto e preso pela cintura, ou seja, ela tamb\u00e9m faz parte do <strong>estilo <\/strong>do piloto e comumente \u00e9 feita sob customiza\u00e7\u00e3o de design para combinar com o <strong>macac\u00e3o<\/strong>.<\/p>\n\n\n\n<p>Os modelos s\u00e3o similares, variando de <strong>mangas curtas<\/strong> e mangas <strong>longas<\/strong>.<\/p>\n\n\n\n<p>Possuem diversas marcas tanto no kartismo quanto fora (ex: <strong>corrida<\/strong>).<br>As marcas mais famosas para kartismo: Corsa, ULV e OMP.<\/p>\n\n\n\n<p>Os <strong>pre\u00e7os <\/strong>v\u00e3o de <strong>R$ 50,00<\/strong> a <strong>R$ 150,00<\/strong>. Os pre\u00e7os variam por conta do material, modelo e marca.<\/p>\n\n\n\n<ul class=\"wp-block-list\">\n<li><a href=\"https:\/\/s.shopee.com.br\/8fEhUN0T8p\" target=\"_blank\" rel=\"noreferrer noopener\">OFERTAS DE SEGUNDA PELE<\/a><\/li>\n<\/ul>\n<\/div><\/div>\n\n\n\n<hr class=\"wp-block-separator has-css-opacity\"\/>\n\n\n\n<div class=\"wp-block-group\"><div class=\"wp-block-group__inner-container is-layout-flow wp-block-group-is-layout-flow\">\n<h2 class=\"wp-block-heading\">SAPATILHA<\/h2>\n\n\n\n<figure class=\"wp-block-image size-large is-resized\"><img decoding=\"async\" width=\"990\" height=\"924\" data-src=\"http:\/\/www.vdem.com.br\/blog\/wp-content\/uploads\/2020\/04\/Screenshot_2.png\" alt=\"Sapatilha para andar de kart\" class=\"wp-image-180 lazyload\" style=\"--smush-placeholder-width: 990px; --smush-placeholder-aspect-ratio: 990\/924;object-fit:contain;width:990px;height:924px\" data-srcset=\"https:\/\/www.vdem.com.br\/blog\/wp-content\/uploads\/2020\/04\/Screenshot_2.png 990w, https:\/\/www.vdem.com.br\/blog\/wp-content\/uploads\/2020\/04\/Screenshot_2-300x280.png 300w, https:\/\/www.vdem.com.br\/blog\/wp-content\/uploads\/2020\/04\/Screenshot_2-768x717.png 768w\" data-sizes=\"(max-width: 990px) 100vw, 990px\" src=\"data:image\/gif;base64,R0lGODlhAQABAAAAACH5BAEKAAEALAAAAAABAAEAAAICTAEAOw==\" \/><\/figure>\n\n\n\n<p>Para os pilotos que n\u00e3o querem utilizar o <strong>cal\u00e7ado <\/strong>do dia a dia para o kartismo, ou que n\u00e3o possuem um cal\u00e7ado <strong>apropriado<\/strong>, ou tamb\u00e9m que querem melhorar o <strong>conforto <\/strong>e <strong>qualidade <\/strong>da sua pilotagem.<\/p>\n\n\n\n<p>As sapatilhas de kartismo geralmente s\u00e3o feitas com um <strong>solado <\/strong>mais fino para dar mais <strong>sensibilidade <\/strong>ao tato do piloto com os pedais, e tamb\u00e9m s\u00e3o feitas de um material mais <strong>resistente <\/strong>para n\u00e3o danificarem com facilidade.<\/p>\n\n\n\n<p>Existem modelos com o <strong>cano curto<\/strong> e <strong>cano mais alto<\/strong>, e dos diversos materiais da fabrica\u00e7\u00e3o de cal\u00e7ados. Tamb\u00e9m existem as sapatilhas homologadas CIK-FIA para competi\u00e7\u00f5es.<\/p>\n\n\n\n<p>Possuem diversas marcas tanto no kartismo quanto fora (ex: <strong>corrida<\/strong>).<br>As marcas mais famosas para kartismo: Sparco, Corsa, ULV e OMP.<\/p>\n\n\n\n<p>Os <strong>pre\u00e7os <\/strong>v\u00e3o de <strong>R$ 90,00<\/strong> a <strong>R$ 500,00<\/strong>. Os pre\u00e7os variam por conta do modelo e marca.<\/p>\n\n\n\n<ul class=\"wp-block-list\">\n<li><a href=\"https:\/\/s.shopee.com.br\/6AXMVoQmG0\" target=\"_blank\" rel=\"noreferrer noopener\">OFERTAS DE SAPATILHAS<\/a><\/li>\n<\/ul>\n<\/div><\/div>\n\n\n\n<hr class=\"wp-block-separator has-css-opacity\"\/>\n\n\n\n<div class=\"wp-block-group\"><div class=\"wp-block-group__inner-container is-layout-flow wp-block-group-is-layout-flow\">\n<h2 class=\"wp-block-heading\">PROTETOR DE COSTELA<\/h2>\n\n\n\n<figure class=\"wp-block-image size-large is-resized\"><img decoding=\"async\" width=\"1024\" height=\"683\" data-src=\"http:\/\/www.vdem.com.br\/blog\/wp-content\/uploads\/2020\/04\/RLT7500-1024x683.jpg\" alt=\"Protetor de costela para andar de kart\" class=\"wp-image-179 lazyload\" style=\"--smush-placeholder-width: 1024px; --smush-placeholder-aspect-ratio: 1024\/683;object-fit:contain;width:1024px;height:683px\" data-srcset=\"https:\/\/www.vdem.com.br\/blog\/wp-content\/uploads\/2020\/04\/RLT7500-1024x683.jpg 1024w, https:\/\/www.vdem.com.br\/blog\/wp-content\/uploads\/2020\/04\/RLT7500-300x200.jpg 300w, https:\/\/www.vdem.com.br\/blog\/wp-content\/uploads\/2020\/04\/RLT7500-768x512.jpg 768w, https:\/\/www.vdem.com.br\/blog\/wp-content\/uploads\/2020\/04\/RLT7500.jpg 1080w\" data-sizes=\"(max-width: 1024px) 100vw, 1024px\" src=\"data:image\/gif;base64,R0lGODlhAQABAAAAACH5BAEKAAEALAAAAAABAAEAAAICTAEAOw==\" \/><\/figure>\n\n\n\n<p>Alguns kart\u00f3dromos tamb\u00e9m <strong>disponibilizam <\/strong>protetores de costela (coletes). Esse item \u00e9 fundamental para dar mais <strong>seguran\u00e7a <\/strong>em poss\u00edveis acidentes mais s\u00e9rios, ou at\u00e9 mesmo, evitar <strong>inc\u00f4modos <\/strong>nos dias seguintes o da corrida pelo contato frequente com o <strong>banco <\/strong>do kart, inclusive em toques acidentais.<\/p>\n\n\n\n<p>Se voc\u00ea nunca andou de kart, ou anda com pouca frequencia, muito provavelmente voc\u00ea <strong>acordar\u00e1 <\/strong>no dia seguinte com <strong>dores <\/strong>por v\u00e1rias partes do <strong>corpo<\/strong>. Isso \u00e9 <strong>normal<\/strong>, pois durante a pilotagem do kart voc\u00ea esfor\u00e7a <strong>m\u00fasculos <\/strong>que normalmente voc\u00ea <strong>n\u00e3o<\/strong> esfor\u00e7a no <strong>dia a dia<\/strong>, ou at\u00e9 mesmo na academia. Procure fazer <strong>treinos\/exerc\u00edcios <\/strong>focados para pilotos.<\/p>\n\n\n\n<p>Os modelos s\u00e3o similares e possuem a mesma fun\u00e7\u00e3o. O que diferencia, novamente, \u00e9 o material. Existem tamanhos diferentes, ent\u00e3o experimente antes para n\u00e3o causar <strong>inc\u00f4modos<\/strong>.<\/p>\n\n\n\n<p>Tamb\u00e9m existem v\u00e1rias empresas <strong>brasileiras <\/strong>que fabricam esse item.<br>As marcas mais famosas para kartismo: Sparco, Corsa, ULV, Targa, OMP e TS Sports.<\/p>\n\n\n\n<p>Os <strong>pre\u00e7os <\/strong>v\u00e3o de <strong>R$ 150,00<\/strong> a <strong>R$ 400,00<\/strong>. Os pre\u00e7os variam por conta do material e marca.<\/p>\n\n\n\n<ul class=\"wp-block-list\">\n<li><a href=\"https:\/\/s.shopee.com.br\/AKMvTmHg19\" target=\"_blank\" rel=\"noreferrer noopener\">OFERTAS DE PROTETORES<\/a><\/li>\n<\/ul>\n<\/div><\/div>\n\n\n\n<hr class=\"wp-block-separator has-css-opacity\"\/>\n\n\n\n<div class=\"wp-block-group\"><div class=\"wp-block-group__inner-container is-layout-flow wp-block-group-is-layout-flow\">\n<h2 class=\"wp-block-heading\">PROTETOR DE PESCO\u00c7O<\/h2>\n\n\n\n<figure class=\"wp-block-image size-large is-resized\"><img decoding=\"async\" width=\"443\" height=\"387\" data-src=\"http:\/\/www.vdem.com.br\/blog\/wp-content\/uploads\/2020\/04\/Screenshot_5.png\" alt=\"Protetor de pesco\u00e7o para andar de kart\" class=\"wp-image-211 lazyload\" style=\"--smush-placeholder-width: 443px; --smush-placeholder-aspect-ratio: 443\/387;object-fit:contain;width:443px;height:387px\" data-srcset=\"https:\/\/www.vdem.com.br\/blog\/wp-content\/uploads\/2020\/04\/Screenshot_5.png 443w, https:\/\/www.vdem.com.br\/blog\/wp-content\/uploads\/2020\/04\/Screenshot_5-300x262.png 300w\" data-sizes=\"(max-width: 443px) 100vw, 443px\" src=\"data:image\/gif;base64,R0lGODlhAQABAAAAACH5BAEKAAEALAAAAAABAAEAAAICTAEAOw==\" \/><\/figure>\n\n\n\n<p>Um item menos comum, mas que est\u00e1 presente em alguns kart\u00f3dromos. Ele ajuda a proteger poss\u00edveis impactos que voc\u00ea tenha na cabe\u00e7a provocando tor\u00e7\u00e3o no pesco\u00e7o. \u00c9 raro voc\u00ea ver algu\u00e9m utilizando no kart indoor, geralmente \u00e9 mais utilizado por crian\u00e7as no kart cadete. Tamb\u00e9m conhecido como protetor cervical (PESCOCEIRA \/ HANS \/ LEATTBRACE).<\/p>\n\n\n\n<p>Os modelos s\u00e3o similares e possuem a mesma fun\u00e7\u00e3o. O que diferencia, novamente, \u00e9 o material.  Tamanho \u00fanico.<\/p>\n\n\n\n<p>Tamb\u00e9m existem v\u00e1rias empresas <strong>brasileiras <\/strong>que fabricam esse item.<br>As marcas mais famosas para kartismo: Sparco, Corsa, Targa e OMP.<\/p>\n\n\n\n<p>Os <strong>pre\u00e7os <\/strong>v\u00e3o de <strong>R$ 180,00<\/strong> a <strong>R$ 400,00<\/strong>. Os pre\u00e7os variam por conta do material e marca.<\/p>\n\n\n\n<ul class=\"wp-block-list\">\n<li><a href=\"https:\/\/s.shopee.com.br\/AA3VHDklz8\" target=\"_blank\" rel=\"noreferrer noopener\">OFERTAS DE PROTETORES<\/a><\/li>\n<\/ul>\n<\/div><\/div>\n\n\n\n<hr class=\"wp-block-separator has-css-opacity\"\/>\n\n\n\n<div class=\"wp-block-group\"><div class=\"wp-block-group__inner-container is-layout-flow wp-block-group-is-layout-flow\">\n<h2 class=\"wp-block-heading\">PROTE\u00c7\u00c3O DO CABELO COMPRIDO<\/h2>\n\n\n\n<p>Agora mais um item super <strong>importante<\/strong>! Seja para <strong>homem <\/strong>ou <strong>mulher<\/strong>, voc\u00ea deve <strong>prender <\/strong>muito bem o seu <strong>cabelo<\/strong>.<\/p>\n\n\n\n<p>A maioria dos kart\u00f3dromos instrui a pessoa colocar o cabelo preso <strong>dentro <\/strong>do <strong>capacete<\/strong>. Alguns kart\u00f3dromos disponibilizam <strong>balaclava espec\u00edfica <\/strong>pra quem tem cabelo comprido, e outros tamb\u00e9m disponibilizam uma camisa que j\u00e1 possui a <strong>balaclava embutida<\/strong>, que faz com que o cabelo fique sempre por dentro da camisa.<\/p>\n\n\n\n<p>Esses <strong>cuidados <\/strong>se fazem necess\u00e1rios para evitar <strong>acidentes graves <\/strong>onde o cabelo da pessoa enrosca no eixo traseiro do kart, que em alta velocidade, causa <strong>ferimentos grav\u00edssimos<\/strong>.<\/p>\n\n\n\n<p><strong>Nunca <\/strong>deixe o seu <strong>cabelo a mostra <\/strong>ou <strong>solto<\/strong>!<\/p>\n<\/div><\/div>\n\n\n\n<hr class=\"wp-block-separator has-css-opacity\"\/>\n\n\n\n<div class=\"wp-block-group\"><div class=\"wp-block-group__inner-container is-layout-flow wp-block-group-is-layout-flow\">\n<h2 class=\"wp-block-heading\">LASTRO<\/h2>\n\n\n\n<figure class=\"wp-block-image size-large is-resized\"><img decoding=\"async\" width=\"678\" height=\"520\" data-src=\"http:\/\/www.vdem.com.br\/blog\/wp-content\/uploads\/2020\/04\/Screenshot_4.png\" alt=\"Lastro para andar de kart\" class=\"wp-image-183 lazyload\" style=\"--smush-placeholder-width: 678px; --smush-placeholder-aspect-ratio: 678\/520;object-fit:contain;width:678px;height:520px\" data-srcset=\"https:\/\/www.vdem.com.br\/blog\/wp-content\/uploads\/2020\/04\/Screenshot_4.png 678w, https:\/\/www.vdem.com.br\/blog\/wp-content\/uploads\/2020\/04\/Screenshot_4-300x230.png 300w\" data-sizes=\"(max-width: 678px) 100vw, 678px\" src=\"data:image\/gif;base64,R0lGODlhAQABAAAAACH5BAEKAAEALAAAAAABAAEAAAICTAEAOw==\" \/><\/figure>\n\n\n\n<p>Para algumas competi\u00e7\u00f5es, mesmo do amador, existem categorias que em sua grande maioria s\u00e3o divididas por <strong>peso<\/strong>. Onde alguns pilotos podem querer participar de uma <strong>categoria <\/strong>onde o peso <strong>m\u00ednimo <\/strong>seja mais do que o piloto j\u00e1 tenha.<\/p>\n\n\n\n<p>Para isso existe o lastro, que \u00e9 um <strong>peso <\/strong>(geralmente de <strong>chumbo<\/strong>) que o piloto leva <strong>junto <\/strong>com ele no <strong>kart <\/strong>para atingir o peso m\u00ednimo.<\/p>\n\n\n\n<p>Exemplo: Uma categoria que exige pilotos com no m\u00ednimo <strong>80kgs<\/strong>, os pilotos de <strong>70kgs<\/strong> que queiram participar precisam providenciar <strong>10kgs de lastro<\/strong> para atingir o m\u00ednimo necess\u00e1rio.<\/p>\n\n\n\n<p>Existem diversos modelos de lastro, que em sua grande maioria s\u00e3o improvisados com <strong>caneleiras<\/strong>, <strong>pacotes<\/strong>, e <strong>capas de banco<\/strong>. N\u00e3o existe nenhum modelo espec\u00edfico para o kart indoor, por\u00e9m o lastro n\u00e3o deve comprometer a <strong>seguran\u00e7a <\/strong>do piloto e dos demais presentes na corrida. O mesmo deve ser <strong>fixado <\/strong>em um espa\u00e7o que n\u00e3o <strong>atrapalhe <\/strong>a pilotagem e que n\u00e3o possa <strong>cair <\/strong>do kart. Alguns karts j\u00e1 possuem suportes e espa\u00e7os reservados para o lastro. A <strong>autoriza\u00e7\u00e3o <\/strong>\u00e9 dada por cada kart\u00f3dromo\/competi\u00e7\u00e3o.<\/p>\n\n\n\n<p>N\u00e3o existem <strong>fabricantes<\/strong> exclusivos para esse tipo de item. E \u00e9 um item com um <strong>valor <\/strong>relativamente alto, dependendo de quantos kgs a pessoa precise.<\/p>\n\n\n\n<ul class=\"wp-block-list\">\n<li><a href=\"https:\/\/s.shopee.com.br\/9zk54xxOXC\" target=\"_blank\" rel=\"noreferrer noopener\">OFERTAS DE CANELEIRAS<\/a><\/li>\n<\/ul>\n<\/div><\/div>\n\n\n\n<hr class=\"wp-block-separator has-css-opacity\"\/>\n\n\n\n<div class=\"wp-block-group\"><div class=\"wp-block-group__inner-container is-layout-flow wp-block-group-is-layout-flow\">\n<h2 class=\"wp-block-heading\">BOLSA \/ MOCHILA<\/h2>\n\n\n\n<figure class=\"wp-block-image size-large is-resized\"><img decoding=\"async\" width=\"593\" height=\"646\" data-src=\"http:\/\/www.vdem.com.br\/blog\/wp-content\/uploads\/2020\/04\/Screenshot_3.png\" alt=\"Bolsa e Mochila para andar de kart\" class=\"wp-image-181 lazyload\" style=\"--smush-placeholder-width: 593px; --smush-placeholder-aspect-ratio: 593\/646;object-fit:contain;width:593px;height:646px\" data-srcset=\"https:\/\/www.vdem.com.br\/blog\/wp-content\/uploads\/2020\/04\/Screenshot_3.png 593w, https:\/\/www.vdem.com.br\/blog\/wp-content\/uploads\/2020\/04\/Screenshot_3-275x300.png 275w\" data-sizes=\"(max-width: 593px) 100vw, 593px\" src=\"data:image\/gif;base64,R0lGODlhAQABAAAAACH5BAEKAAEALAAAAAABAAEAAAICTAEAOw==\" \/><\/figure>\n\n\n\n<p>Parece n\u00e3o existir m\u00e3os suficientes para esse tanto de equipamento, ent\u00e3o para isso existem as Bolsas e Mochilas para kartistas.<\/p>\n\n\n\n<p>Elas s\u00e3o feitas de materiais comuns, mas s\u00e3o de <strong>formatos <\/strong>espec\u00edficos para comportar os equipamentos do piloto, principalmente o capacete que tem <strong>volume <\/strong>maior e formato incomum.<\/p>\n\n\n\n<p>Existem mochilas <strong>pequenas <\/strong>para carregar apenas os equipamentos b\u00e1sicos, bem como mochilas\/malas <strong>maiores <\/strong>e <strong>modernas <\/strong>para carregar itens al\u00e9m do kartismo, mas tamb\u00e9m itens pessoais para <strong>viagens<\/strong>, e com formato especiais para <strong>avi\u00f5es<\/strong>.<\/p>\n\n\n\n<p>Tamb\u00e9m existem v\u00e1rias empresas <strong>brasileiras <\/strong>que fabricam esse item. Dificilmente bolsas\/mochilas n\u00e3o espec\u00edficas para o kartismo <strong>comportar\u00e3o <\/strong>um capacete e demais itens de forma <strong>organizada<\/strong>.<br>As marcas mais famosas para kartismo: Sparco, Corsa, ULV, TS Sports e OMP.<\/p>\n\n\n\n<p>Os <strong>pre\u00e7os <\/strong>v\u00e3o de <strong>R$ 130,00<\/strong> a <strong>R$ 1.300,00<\/strong>. Os pre\u00e7os variam por conta do modelo e marca.<\/p>\n\n\n\n<ul class=\"wp-block-list\">\n<li><a href=\"https:\/\/s.shopee.com.br\/4AmI8H1C9W\" target=\"_blank\" rel=\"noreferrer noopener\">OFERTAS DE BOLSAS<\/a><\/li>\n<\/ul>\n<\/div><\/div>\n\n\n\n<hr class=\"wp-block-separator has-css-opacity\"\/>\n\n\n\n<h3 class=\"wp-block-heading\">Por enquanto \u00e9 isso.<br>Espero que tenham gostado do artigo, e se tiverem d\u00favidas, podem deixar nos coment\u00e1rios que eu respondo.<br>Valeu!<\/h3>\n\n\n\n<hr class=\"wp-block-separator has-css-opacity\"\/>\n\n\n\n<p>Abaixo seguem alguns v\u00eddeos meus de kartismo e automobilismo em geral.<\/p>\n\n\n\n<figure class=\"wp-block-embed is-type-video is-provider-youtube wp-block-embed-youtube wp-embed-aspect-16-9 wp-has-aspect-ratio\"><div class=\"wp-block-embed__wrapper\">\n<iframe title=\"Automobilismo\" width=\"1170\" height=\"658\" data-src=\"https:\/\/www.youtube.com\/embed\/videoseries?list=PLaufRa-r4ol_5bIvteN9rTxC4E6TNfT0o\" frameborder=\"0\" allow=\"accelerometer; autoplay; clipboard-write; encrypted-media; gyroscope; picture-in-picture; web-share\" referrerpolicy=\"strict-origin-when-cross-origin\" allowfullscreen src=\"data:image\/gif;base64,R0lGODlhAQABAAAAACH5BAEKAAEALAAAAAABAAEAAAICTAEAOw==\" class=\"lazyload\" data-load-mode=\"1\"><\/iframe>\n<\/div><\/figure>\n\n\n\n<p>Veja mais artigos no <a href=\"https:\/\/vdem.com.br\/blog\">blog<\/a>.<\/p>\n","protected":false},"excerpt":{"rendered":"<p>Uma das primeiras perguntas que se faz quando se \u00e9 convidado para andar de Kart pela primeira vez, \u00e9 se precisa ter algum equipamento pr\u00f3prio. E os pilotos que j\u00e1 andam com certa frequencia, sempre procuram por adquirir seus pr\u00f3prios equipamentos para melhorar a sua experi\u00eancia no kartismo.<\/p>\n","protected":false},"author":1,"featured_media":185,"comment_status":"open","ping_status":"open","sticky":false,"template":"","format":"standard","meta":{"footnotes":""},"categories":[9],"tags":[],"class_list":["post-168","post","type-post","status-publish","format-standard","has-post-thumbnail","hentry","category-automobilismo"],"yoast_head":"<!-- This site is optimized with the Yoast SEO plugin v27.4 - https:\/\/yoast.com\/product\/yoast-seo-wordpress\/ -->\n<title>Equipamentos para andar de Kart Indoor\/Aluguel\/Rental - Blog VdeM<\/title>\n<meta name=\"description\" content=\"Uma das primeiras perguntas que se faz quando se \u00e9 convidado para andar de Kart pela primeira vez, \u00e9 se precisa ter algum equipamento pr\u00f3prio\" \/>\n<meta name=\"robots\" content=\"index, follow, max-snippet:-1, max-image-preview:large, max-video-preview:-1\" \/>\n<link rel=\"canonical\" href=\"https:\/\/www.vdem.com.br\/blog\/2020\/04\/28\/equipamentos-para-andar-de-kart-indoor-aluguel-rental\/\" \/>\n<meta property=\"og:locale\" content=\"pt_BR\" \/>\n<meta property=\"og:type\" content=\"article\" \/>\n<meta property=\"og:title\" content=\"Equipamentos para andar de Kart Indoor\/Aluguel\/Rental - Blog VdeM\" \/>\n<meta property=\"og:description\" content=\"Uma das primeiras perguntas que se faz quando se \u00e9 convidado para andar de Kart pela primeira vez, \u00e9 se precisa ter algum equipamento pr\u00f3prio\" \/>\n<meta property=\"og:url\" content=\"https:\/\/www.vdem.com.br\/blog\/2020\/04\/28\/equipamentos-para-andar-de-kart-indoor-aluguel-rental\/\" \/>\n<meta property=\"og:site_name\" content=\"Blog VdeM\" \/>\n<meta property=\"article:published_time\" content=\"2020-04-28T15:23:23+00:00\" \/>\n<meta property=\"article:modified_time\" content=\"2025-04-01T20:35:23+00:00\" \/>\n<meta property=\"og:image\" content=\"https:\/\/www.vdem.com.br\/blog\/wp-content\/uploads\/2020\/04\/RLT7605.jpg\" \/>\n\t<meta property=\"og:image:width\" content=\"1080\" \/>\n\t<meta property=\"og:image:height\" content=\"720\" \/>\n\t<meta property=\"og:image:type\" content=\"image\/jpeg\" \/>\n<meta name=\"author\" content=\"Gustavo VdeM\" \/>\n<meta name=\"twitter:card\" content=\"summary_large_image\" \/>\n<meta name=\"twitter:label1\" content=\"Escrito por\" \/>\n\t<meta name=\"twitter:data1\" content=\"Gustavo VdeM\" \/>\n\t<meta name=\"twitter:label2\" content=\"Est. tempo de leitura\" \/>\n\t<meta name=\"twitter:data2\" content=\"19 minutos\" \/>\n<script type=\"application\/ld+json\" class=\"yoast-schema-graph\">{\"@context\":\"https:\\\/\\\/schema.org\",\"@graph\":[{\"@type\":\"Article\",\"@id\":\"https:\\\/\\\/www.vdem.com.br\\\/blog\\\/2020\\\/04\\\/28\\\/equipamentos-para-andar-de-kart-indoor-aluguel-rental\\\/#article\",\"isPartOf\":{\"@id\":\"https:\\\/\\\/www.vdem.com.br\\\/blog\\\/2020\\\/04\\\/28\\\/equipamentos-para-andar-de-kart-indoor-aluguel-rental\\\/\"},\"author\":{\"name\":\"Gustavo VdeM\",\"@id\":\"https:\\\/\\\/www.vdem.com.br\\\/blog\\\/#\\\/schema\\\/person\\\/40702c49a011320e4cd7ee563c9c48da\"},\"headline\":\"Equipamentos para andar de Kart Indoor\\\/Aluguel\\\/Rental\",\"datePublished\":\"2020-04-28T15:23:23+00:00\",\"dateModified\":\"2025-04-01T20:35:23+00:00\",\"mainEntityOfPage\":{\"@id\":\"https:\\\/\\\/www.vdem.com.br\\\/blog\\\/2020\\\/04\\\/28\\\/equipamentos-para-andar-de-kart-indoor-aluguel-rental\\\/\"},\"wordCount\":3197,\"commentCount\":0,\"image\":{\"@id\":\"https:\\\/\\\/www.vdem.com.br\\\/blog\\\/2020\\\/04\\\/28\\\/equipamentos-para-andar-de-kart-indoor-aluguel-rental\\\/#primaryimage\"},\"thumbnailUrl\":\"https:\\\/\\\/www.vdem.com.br\\\/blog\\\/wp-content\\\/uploads\\\/2020\\\/04\\\/RLT7605.jpg\",\"articleSection\":[\"Automobilismo\"],\"inLanguage\":\"pt-BR\",\"potentialAction\":[{\"@type\":\"CommentAction\",\"name\":\"Comment\",\"target\":[\"https:\\\/\\\/www.vdem.com.br\\\/blog\\\/2020\\\/04\\\/28\\\/equipamentos-para-andar-de-kart-indoor-aluguel-rental\\\/#respond\"]}]},{\"@type\":\"WebPage\",\"@id\":\"https:\\\/\\\/www.vdem.com.br\\\/blog\\\/2020\\\/04\\\/28\\\/equipamentos-para-andar-de-kart-indoor-aluguel-rental\\\/\",\"url\":\"https:\\\/\\\/www.vdem.com.br\\\/blog\\\/2020\\\/04\\\/28\\\/equipamentos-para-andar-de-kart-indoor-aluguel-rental\\\/\",\"name\":\"Equipamentos para andar de Kart Indoor\\\/Aluguel\\\/Rental - Blog VdeM\",\"isPartOf\":{\"@id\":\"https:\\\/\\\/www.vdem.com.br\\\/blog\\\/#website\"},\"primaryImageOfPage\":{\"@id\":\"https:\\\/\\\/www.vdem.com.br\\\/blog\\\/2020\\\/04\\\/28\\\/equipamentos-para-andar-de-kart-indoor-aluguel-rental\\\/#primaryimage\"},\"image\":{\"@id\":\"https:\\\/\\\/www.vdem.com.br\\\/blog\\\/2020\\\/04\\\/28\\\/equipamentos-para-andar-de-kart-indoor-aluguel-rental\\\/#primaryimage\"},\"thumbnailUrl\":\"https:\\\/\\\/www.vdem.com.br\\\/blog\\\/wp-content\\\/uploads\\\/2020\\\/04\\\/RLT7605.jpg\",\"datePublished\":\"2020-04-28T15:23:23+00:00\",\"dateModified\":\"2025-04-01T20:35:23+00:00\",\"author\":{\"@id\":\"https:\\\/\\\/www.vdem.com.br\\\/blog\\\/#\\\/schema\\\/person\\\/40702c49a011320e4cd7ee563c9c48da\"},\"description\":\"Uma das primeiras perguntas que se faz quando se \u00e9 convidado para andar de Kart pela primeira vez, \u00e9 se precisa ter algum equipamento pr\u00f3prio\",\"breadcrumb\":{\"@id\":\"https:\\\/\\\/www.vdem.com.br\\\/blog\\\/2020\\\/04\\\/28\\\/equipamentos-para-andar-de-kart-indoor-aluguel-rental\\\/#breadcrumb\"},\"inLanguage\":\"pt-BR\",\"potentialAction\":[{\"@type\":\"ReadAction\",\"target\":[\"https:\\\/\\\/www.vdem.com.br\\\/blog\\\/2020\\\/04\\\/28\\\/equipamentos-para-andar-de-kart-indoor-aluguel-rental\\\/\"]}]},{\"@type\":\"ImageObject\",\"inLanguage\":\"pt-BR\",\"@id\":\"https:\\\/\\\/www.vdem.com.br\\\/blog\\\/2020\\\/04\\\/28\\\/equipamentos-para-andar-de-kart-indoor-aluguel-rental\\\/#primaryimage\",\"url\":\"https:\\\/\\\/www.vdem.com.br\\\/blog\\\/wp-content\\\/uploads\\\/2020\\\/04\\\/RLT7605.jpg\",\"contentUrl\":\"https:\\\/\\\/www.vdem.com.br\\\/blog\\\/wp-content\\\/uploads\\\/2020\\\/04\\\/RLT7605.jpg\",\"width\":1080,\"height\":720,\"caption\":\"Cr\u00e9ditos: Ezequiel Prestes\"},{\"@type\":\"BreadcrumbList\",\"@id\":\"https:\\\/\\\/www.vdem.com.br\\\/blog\\\/2020\\\/04\\\/28\\\/equipamentos-para-andar-de-kart-indoor-aluguel-rental\\\/#breadcrumb\",\"itemListElement\":[{\"@type\":\"ListItem\",\"position\":1,\"name\":\"In\u00edcio\",\"item\":\"https:\\\/\\\/www.vdem.com.br\\\/blog\\\/\"},{\"@type\":\"ListItem\",\"position\":2,\"name\":\"Equipamentos para andar de Kart Indoor\\\/Aluguel\\\/Rental\"}]},{\"@type\":\"WebSite\",\"@id\":\"https:\\\/\\\/www.vdem.com.br\\\/blog\\\/#website\",\"url\":\"https:\\\/\\\/www.vdem.com.br\\\/blog\\\/\",\"name\":\"Blog VdeM\",\"description\":\"Compartilhando minhas experi\u00eancias\",\"potentialAction\":[{\"@type\":\"SearchAction\",\"target\":{\"@type\":\"EntryPoint\",\"urlTemplate\":\"https:\\\/\\\/www.vdem.com.br\\\/blog\\\/?s={search_term_string}\"},\"query-input\":{\"@type\":\"PropertyValueSpecification\",\"valueRequired\":true,\"valueName\":\"search_term_string\"}}],\"inLanguage\":\"pt-BR\"},{\"@type\":\"Person\",\"@id\":\"https:\\\/\\\/www.vdem.com.br\\\/blog\\\/#\\\/schema\\\/person\\\/40702c49a011320e4cd7ee563c9c48da\",\"name\":\"Gustavo VdeM\",\"image\":{\"@type\":\"ImageObject\",\"inLanguage\":\"pt-BR\",\"@id\":\"https:\\\/\\\/secure.gravatar.com\\\/avatar\\\/95a72aad05bb9b1db885ddab342e20514f8c847f8f231d43096494bf5d27f1ef?s=96&d=mm&r=g\",\"url\":\"https:\\\/\\\/secure.gravatar.com\\\/avatar\\\/95a72aad05bb9b1db885ddab342e20514f8c847f8f231d43096494bf5d27f1ef?s=96&d=mm&r=g\",\"contentUrl\":\"https:\\\/\\\/secure.gravatar.com\\\/avatar\\\/95a72aad05bb9b1db885ddab342e20514f8c847f8f231d43096494bf5d27f1ef?s=96&d=mm&r=g\",\"caption\":\"Gustavo VdeM\"},\"sameAs\":[\"http:\\\/\\\/www.vdem.com.br\"],\"url\":\"https:\\\/\\\/www.vdem.com.br\\\/blog\\\/author\\\/gustavo\\\/\"}]}<\/script>\n<!-- \/ Yoast SEO plugin. -->","yoast_head_json":{"title":"Equipamentos para andar de Kart Indoor\/Aluguel\/Rental - Blog VdeM","description":"Uma das primeiras perguntas que se faz quando se \u00e9 convidado para andar de Kart pela primeira vez, \u00e9 se precisa ter algum equipamento pr\u00f3prio","robots":{"index":"index","follow":"follow","max-snippet":"max-snippet:-1","max-image-preview":"max-image-preview:large","max-video-preview":"max-video-preview:-1"},"canonical":"https:\/\/www.vdem.com.br\/blog\/2020\/04\/28\/equipamentos-para-andar-de-kart-indoor-aluguel-rental\/","og_locale":"pt_BR","og_type":"article","og_title":"Equipamentos para andar de Kart Indoor\/Aluguel\/Rental - Blog VdeM","og_description":"Uma das primeiras perguntas que se faz quando se \u00e9 convidado para andar de Kart pela primeira vez, \u00e9 se precisa ter algum equipamento pr\u00f3prio","og_url":"https:\/\/www.vdem.com.br\/blog\/2020\/04\/28\/equipamentos-para-andar-de-kart-indoor-aluguel-rental\/","og_site_name":"Blog VdeM","article_published_time":"2020-04-28T15:23:23+00:00","article_modified_time":"2025-04-01T20:35:23+00:00","og_image":[{"width":1080,"height":720,"url":"https:\/\/www.vdem.com.br\/blog\/wp-content\/uploads\/2020\/04\/RLT7605.jpg","type":"image\/jpeg"}],"author":"Gustavo VdeM","twitter_card":"summary_large_image","twitter_misc":{"Escrito por":"Gustavo VdeM","Est. tempo de leitura":"19 minutos"},"schema":{"@context":"https:\/\/schema.org","@graph":[{"@type":"Article","@id":"https:\/\/www.vdem.com.br\/blog\/2020\/04\/28\/equipamentos-para-andar-de-kart-indoor-aluguel-rental\/#article","isPartOf":{"@id":"https:\/\/www.vdem.com.br\/blog\/2020\/04\/28\/equipamentos-para-andar-de-kart-indoor-aluguel-rental\/"},"author":{"name":"Gustavo VdeM","@id":"https:\/\/www.vdem.com.br\/blog\/#\/schema\/person\/40702c49a011320e4cd7ee563c9c48da"},"headline":"Equipamentos para andar de Kart Indoor\/Aluguel\/Rental","datePublished":"2020-04-28T15:23:23+00:00","dateModified":"2025-04-01T20:35:23+00:00","mainEntityOfPage":{"@id":"https:\/\/www.vdem.com.br\/blog\/2020\/04\/28\/equipamentos-para-andar-de-kart-indoor-aluguel-rental\/"},"wordCount":3197,"commentCount":0,"image":{"@id":"https:\/\/www.vdem.com.br\/blog\/2020\/04\/28\/equipamentos-para-andar-de-kart-indoor-aluguel-rental\/#primaryimage"},"thumbnailUrl":"https:\/\/www.vdem.com.br\/blog\/wp-content\/uploads\/2020\/04\/RLT7605.jpg","articleSection":["Automobilismo"],"inLanguage":"pt-BR","potentialAction":[{"@type":"CommentAction","name":"Comment","target":["https:\/\/www.vdem.com.br\/blog\/2020\/04\/28\/equipamentos-para-andar-de-kart-indoor-aluguel-rental\/#respond"]}]},{"@type":"WebPage","@id":"https:\/\/www.vdem.com.br\/blog\/2020\/04\/28\/equipamentos-para-andar-de-kart-indoor-aluguel-rental\/","url":"https:\/\/www.vdem.com.br\/blog\/2020\/04\/28\/equipamentos-para-andar-de-kart-indoor-aluguel-rental\/","name":"Equipamentos para andar de Kart Indoor\/Aluguel\/Rental - Blog VdeM","isPartOf":{"@id":"https:\/\/www.vdem.com.br\/blog\/#website"},"primaryImageOfPage":{"@id":"https:\/\/www.vdem.com.br\/blog\/2020\/04\/28\/equipamentos-para-andar-de-kart-indoor-aluguel-rental\/#primaryimage"},"image":{"@id":"https:\/\/www.vdem.com.br\/blog\/2020\/04\/28\/equipamentos-para-andar-de-kart-indoor-aluguel-rental\/#primaryimage"},"thumbnailUrl":"https:\/\/www.vdem.com.br\/blog\/wp-content\/uploads\/2020\/04\/RLT7605.jpg","datePublished":"2020-04-28T15:23:23+00:00","dateModified":"2025-04-01T20:35:23+00:00","author":{"@id":"https:\/\/www.vdem.com.br\/blog\/#\/schema\/person\/40702c49a011320e4cd7ee563c9c48da"},"description":"Uma das primeiras perguntas que se faz quando se \u00e9 convidado para andar de Kart pela primeira vez, \u00e9 se precisa ter algum equipamento pr\u00f3prio","breadcrumb":{"@id":"https:\/\/www.vdem.com.br\/blog\/2020\/04\/28\/equipamentos-para-andar-de-kart-indoor-aluguel-rental\/#breadcrumb"},"inLanguage":"pt-BR","potentialAction":[{"@type":"ReadAction","target":["https:\/\/www.vdem.com.br\/blog\/2020\/04\/28\/equipamentos-para-andar-de-kart-indoor-aluguel-rental\/"]}]},{"@type":"ImageObject","inLanguage":"pt-BR","@id":"https:\/\/www.vdem.com.br\/blog\/2020\/04\/28\/equipamentos-para-andar-de-kart-indoor-aluguel-rental\/#primaryimage","url":"https:\/\/www.vdem.com.br\/blog\/wp-content\/uploads\/2020\/04\/RLT7605.jpg","contentUrl":"https:\/\/www.vdem.com.br\/blog\/wp-content\/uploads\/2020\/04\/RLT7605.jpg","width":1080,"height":720,"caption":"Cr\u00e9ditos: Ezequiel Prestes"},{"@type":"BreadcrumbList","@id":"https:\/\/www.vdem.com.br\/blog\/2020\/04\/28\/equipamentos-para-andar-de-kart-indoor-aluguel-rental\/#breadcrumb","itemListElement":[{"@type":"ListItem","position":1,"name":"In\u00edcio","item":"https:\/\/www.vdem.com.br\/blog\/"},{"@type":"ListItem","position":2,"name":"Equipamentos para andar de Kart Indoor\/Aluguel\/Rental"}]},{"@type":"WebSite","@id":"https:\/\/www.vdem.com.br\/blog\/#website","url":"https:\/\/www.vdem.com.br\/blog\/","name":"Blog VdeM","description":"Compartilhando minhas experi\u00eancias","potentialAction":[{"@type":"SearchAction","target":{"@type":"EntryPoint","urlTemplate":"https:\/\/www.vdem.com.br\/blog\/?s={search_term_string}"},"query-input":{"@type":"PropertyValueSpecification","valueRequired":true,"valueName":"search_term_string"}}],"inLanguage":"pt-BR"},{"@type":"Person","@id":"https:\/\/www.vdem.com.br\/blog\/#\/schema\/person\/40702c49a011320e4cd7ee563c9c48da","name":"Gustavo VdeM","image":{"@type":"ImageObject","inLanguage":"pt-BR","@id":"https:\/\/secure.gravatar.com\/avatar\/95a72aad05bb9b1db885ddab342e20514f8c847f8f231d43096494bf5d27f1ef?s=96&d=mm&r=g","url":"https:\/\/secure.gravatar.com\/avatar\/95a72aad05bb9b1db885ddab342e20514f8c847f8f231d43096494bf5d27f1ef?s=96&d=mm&r=g","contentUrl":"https:\/\/secure.gravatar.com\/avatar\/95a72aad05bb9b1db885ddab342e20514f8c847f8f231d43096494bf5d27f1ef?s=96&d=mm&r=g","caption":"Gustavo VdeM"},"sameAs":["http:\/\/www.vdem.com.br"],"url":"https:\/\/www.vdem.com.br\/blog\/author\/gustavo\/"}]}},"_links":{"self":[{"href":"https:\/\/www.vdem.com.br\/blog\/wp-json\/wp\/v2\/posts\/168","targetHints":{"allow":["GET"]}}],"collection":[{"href":"https:\/\/www.vdem.com.br\/blog\/wp-json\/wp\/v2\/posts"}],"about":[{"href":"https:\/\/www.vdem.com.br\/blog\/wp-json\/wp\/v2\/types\/post"}],"author":[{"embeddable":true,"href":"https:\/\/www.vdem.com.br\/blog\/wp-json\/wp\/v2\/users\/1"}],"replies":[{"embeddable":true,"href":"https:\/\/www.vdem.com.br\/blog\/wp-json\/wp\/v2\/comments?post=168"}],"version-history":[{"count":100,"href":"https:\/\/www.vdem.com.br\/blog\/wp-json\/wp\/v2\/posts\/168\/revisions"}],"predecessor-version":[{"id":469,"href":"https:\/\/www.vdem.com.br\/blog\/wp-json\/wp\/v2\/posts\/168\/revisions\/469"}],"wp:featuredmedia":[{"embeddable":true,"href":"https:\/\/www.vdem.com.br\/blog\/wp-json\/wp\/v2\/media\/185"}],"wp:attachment":[{"href":"https:\/\/www.vdem.com.br\/blog\/wp-json\/wp\/v2\/media?parent=168"}],"wp:term":[{"taxonomy":"category","embeddable":true,"href":"https:\/\/www.vdem.com.br\/blog\/wp-json\/wp\/v2\/categories?post=168"},{"taxonomy":"post_tag","embeddable":true,"href":"https:\/\/www.vdem.com.br\/blog\/wp-json\/wp\/v2\/tags?post=168"}],"curies":[{"name":"wp","href":"https:\/\/api.w.org\/{rel}","templated":true}]}}